{"id":1491,"date":"2020-09-23T22:20:29","date_gmt":"2020-09-23T20:20:29","guid":{"rendered":"http:\/\/fdesuremain-psy.fr\/?p=1491"},"modified":"2024-01-21T16:19:25","modified_gmt":"2024-01-21T15:19:25","slug":"blog-le-harcelement-sexuel","status":"publish","type":"post","link":"https:\/\/fdesuremain-psy.fr\/?p=1491","title":{"rendered":"Emission France Bleu &#8220;On se dit tout&#8221;:  le harc\u00e8lement sexuel"},"content":{"rendered":"<p><img loading=\"lazy\" decoding=\"async\" class=\"size-medium wp-image-1493 alignleft\" src=\"http:\/\/fdesuremain-psy.fr\/wp-content\/uploads\/2020\/09\/te\u0301le\u0301chargement-300x168.jpeg\" alt=\"\" width=\"300\" height=\"168\" \/><\/p>\n<p>Les r\u00e9centes accusations d&#8217;agressions sexuelles \u00e0 l&#8217;encontre des rappeurs Moha la Squale et Romeo Elvis montrent une nouvelle fois que ces faits sont de plus en plus d\u00e9nonc\u00e9s et discut\u00e9s dans la soci\u00e9t\u00e9 moderne.<\/p>\n<p>L\u2019ann\u00e9e derni\u00e8re, j&#8217;ai \u00e9t\u00e9 invit\u00e9e \u00e0 r\u00e9pondre aux questions et t\u00e9moignages des auditeurs de France Bleu sur le th\u00e8me du harc\u00e8lement sexuel dans l\u2019\u00e9mission \u00ab\u00a0on se dit tout\u00a0\u00bb.<\/p>\n<p>Si vous souhaitez approfondir le sujet, c\u2019est l\u2019occasion de r\u00e9\u00e9couter cette \u00e9mission <a href=\"https:\/\/www.francebleu.fr\/emissions\/se-dit-tout\/provence\/se-dit-tout-vanessa-lambert-vos-temoignages-0810-055-056-8\" target=\"_blank\" rel=\"noopener\">ICI<\/a>. Bonne \u00e9coute\u00a0!<\/p>\n    <!-- sktbuilder starter --><script type=\"text\/javascript\" src=\"https:\/\/fdesuremain-psy.fr\/wp-content\/plugins\/skt-builder\/sktbuilder\/sktbuilder-frontend-starter.js\"><\/script><script type=\"text\/javascript\" src=\"https:\/\/fdesuremain-psy.fr\/wp-content\/plugins\/skt-builder\/sktbuilder-wordpress-driver.js\"><\/script><script type=\"text\/javascript\"> var starter = new SktbuilderStarter({\"mode\": \"prod\", \"skip\":[\"jquery\",\"underscore\",\"backbone\"],\"sktbuilderUrl\": \"https:\/\/fdesuremain-psy.fr\/wp-content\/plugins\/skt-builder\/sktbuilder\/\", \"driver\": new SktbuilderWordpressDriver({\"ajaxUrl\": \"https:\/\/fdesuremain-psy.fr\/wp-admin\/admin-ajax.php\", \"iframeUrl\": \"https:\/\/fdesuremain-psy.fr\/?p=1491&sktbuilder=true\", \"pageId\": 1491, \"pages\": [{\"title\":\"Sensibiliser \\\/ Soutenir\",\"url\":\"https:\\\/\\\/fdesuremain-psy.fr\\\/wp-admin\\\/post.php?post=1323&action=sktbuilder\"},{\"title\":\"Former\",\"url\":\"https:\\\/\\\/fdesuremain-psy.fr\\\/wp-admin\\\/post.php?post=1420&action=sktbuilder\"}], \"page\": \"Emission France Bleu \\\"On se dit tout\\\":  le harc\u00e8lement sexuel\" }) });<\/script><!-- end sktbuilder starter -->","protected":false},"excerpt":{"rendered":"<p>Les r\u00e9centes accusations d&#8217;agressions sexuelles \u00e0 l&#8217;encontre des rappeurs Moha la Squale et Romeo Elvis montrent une nouvelle fois que ces faits sont de plus en plus d\u00e9nonc\u00e9s et discut\u00e9s dans la soci\u00e9t\u00e9 moderne. L\u2019ann\u00e9e derni\u00e8re, j&#8217;ai \u00e9t\u00e9 invit\u00e9e \u00e0 r\u00e9pondre aux questions et t\u00e9moignages des auditeurs de France Bleu sur le th\u00e8me du harc\u00e8lement<br \/><a class=\"moretag\" href=\"https:\/\/fdesuremain-psy.fr\/?p=1491\">+ Read More<\/a><\/p>\n","protected":false},"author":1,"featured_media":0,"comment_status":"open","ping_status":"open","sticky":false,"template":"","format":"standard","meta":{"_exactmetrics_skip_tracking":false,"_exactmetrics_sitenote_active":false,"_exactmetrics_sitenote_note":"","_exactmetrics_sitenote_category":0,"footnotes":""},"categories":[37],"tags":[131,32,125,128,77,127,24,130,126,75,129],"_links":{"self":[{"href":"https:\/\/fdesuremain-psy.fr\/index.php?rest_route=\/wp\/v2\/posts\/1491"}],"collection":[{"href":"https:\/\/fdesuremain-psy.fr\/index.php?rest_route=\/wp\/v2\/posts"}],"about":[{"href":"https:\/\/fdesuremain-psy.fr\/index.php?rest_route=\/wp\/v2\/types\/post"}],"author":[{"embeddable":true,"href":"https:\/\/fdesuremain-psy.fr\/index.php?rest_route=\/wp\/v2\/users\/1"}],"replies":[{"embeddable":true,"href":"https:\/\/fdesuremain-psy.fr\/index.php?rest_route=%2Fwp%2Fv2%2Fcomments&post=1491"}],"version-history":[{"count":3,"href":"https:\/\/fdesuremain-psy.fr\/index.php?rest_route=\/wp\/v2\/posts\/1491\/revisions"}],"predecessor-version":[{"id":1562,"href":"https:\/\/fdesuremain-psy.fr\/index.php?rest_route=\/wp\/v2\/posts\/1491\/revisions\/1562"}],"wp:attachment":[{"href":"https:\/\/fdesuremain-psy.fr\/index.php?rest_route=%2Fwp%2Fv2%2Fmedia&parent=1491"}],"wp:term":[{"taxonomy":"category","embeddable":true,"href":"https:\/\/fdesuremain-psy.fr\/index.php?rest_route=%2Fwp%2Fv2%2Fcategories&post=1491"},{"taxonomy":"post_tag","embeddable":true,"href":"https:\/\/fdesuremain-psy.fr\/index.php?rest_route=%2Fwp%2Fv2%2Ftags&post=1491"}],"curies":[{"name":"wp","href":"https:\/\/api.w.org\/{rel}","templated":true}]}}