{"id":615,"date":"2018-09-26T09:46:11","date_gmt":"2018-09-26T07:46:11","guid":{"rendered":"http:\/\/fdesuremain-psy.fr\/?p=615"},"modified":"2019-03-17T20:20:39","modified_gmt":"2019-03-17T19:20:39","slug":"psychiatrie-le-crise-oubliee-podcast-france-culture","status":"publish","type":"post","link":"https:\/\/fdesuremain-psy.fr\/?p=615","title":{"rendered":"Psychiatrie: la crise oubli\u00e9e? (Podcast France Culture)"},"content":{"rendered":"<p><img loading=\"lazy\" decoding=\"async\" class=\"size-medium wp-image-616 alignnone\" src=\"http:\/\/fdesuremain-psy.fr\/wp-content\/uploads\/2018\/09\/Michel-llorca-300x169.jpg\" alt=\"\" width=\"300\" height=\"169\" srcset=\"https:\/\/fdesuremain-psy.fr\/wp-content\/uploads\/2018\/09\/Michel-llorca-300x169.jpg 300w, https:\/\/fdesuremain-psy.fr\/wp-content\/uploads\/2018\/09\/Michel-llorca.jpg 725w\" sizes=\"(max-width: 300px) 100vw, 300px\" \/><\/p>\n<p>Le Pr Pierre-Michel Llorca, chef de service au CHU de Clermont-Ferrand et le Pr Rapha\u00ebl Gaillard, chef de p\u00f4le \u00e0 l&#8217;h\u00f4pital Sainte-Anne, exposent les enjeux auxquels doit faire face la psychiatrie moderne pour surmonter la crise qu&#8217;elle traverse depuis ces derni\u00e8res ann\u00e9es: la formation des psychiatres, la repr\u00e9sentation du grand public sur les troubles psychiques, les politiques de sant\u00e9, la gestion du personnel en institution et sur le territoire, la recherches et les d\u00e9couvertes en chimioth\u00e9rapies et neurosciences, la place et le remboursement des psychoth\u00e9rapies:<\/p>\n<p>Pr Michel Llorca: &#8220;<em>On est dans un pays dans lequel la Haute Autorit\u00e9 pour la Sant\u00e9 (qui fixe les r\u00e8gles d&#8217;exercice de la pratique m\u00e9dicale au sens large) dit, notamment dans les recommandations pour la prise en charges, par exemple, des troubles anxieux et des troubles d\u00e9pressifs: &#8220;il faut mettre en oeuvre des psychoth\u00e9rapies en premier rang&#8221;. Cela tombe bien car les psychoth\u00e9rapies ne sont pas rembours\u00e9es! Il y a des exp\u00e9rimentations actuellement avec la CPAM, et [&#8230;]\u00a0<\/em><em style=\"line-height: 1.5;\">\u00a0j&#8217;esp\u00e8re<\/em><em style=\"line-height: 1.5;\">\u00a0qu&#8217;un jour la psychoth\u00e9rapie, mise en oeuvre notamment par les psychologues, pourrait \u00eatre rembours\u00e9e dans un avenir pas trop lointain. [Cela] nous permettra de r\u00e9duire certaines in\u00e9galit\u00e9s puisqu&#8217;aller voir un psychologue en ville co\u00fbte cher, [notamment] quand on vit en territoire rural: l&#8217;acc\u00e8s aux soins, aux psychiatres et psychologues dans ces endroits reste tr\u00e8s difficile<\/em><span style=\"line-height: 1.5;\">.&#8221;<\/span><\/p>\n<p><iframe loading=\"lazy\" src=\"https:\/\/www.franceculture.fr\/player\/export-reecouter?content=f5f99d62-1764-4e3f-a85a-1b5173dd8c8e\" width=\"481\" height=\"137\" frameborder=\"0\" scrolling=\"no\"><\/iframe><\/p>\n<p>Retrouvez la page compl\u00e8te de ce podcast France Culture: <a href=\"https:\/\/www.franceculture.fr\/emissions\/linvite-des-matins\/psychiatrie-la-crise-oubliee\" target=\"_blank\" rel=\"noopener\">ICI<\/a>.<\/p>\n<p>&nbsp;<\/p>\n<p>&nbsp;<\/p>\n    <!-- sktbuilder starter --><script type=\"text\/javascript\" src=\"https:\/\/fdesuremain-psy.fr\/wp-content\/plugins\/skt-builder\/sktbuilder\/sktbuilder-frontend-starter.js\"><\/script><script type=\"text\/javascript\" src=\"https:\/\/fdesuremain-psy.fr\/wp-content\/plugins\/skt-builder\/sktbuilder-wordpress-driver.js\"><\/script><script type=\"text\/javascript\"> var starter = new SktbuilderStarter({\"mode\": \"prod\", \"skip\":[\"jquery\",\"underscore\",\"backbone\"],\"sktbuilderUrl\": \"https:\/\/fdesuremain-psy.fr\/wp-content\/plugins\/skt-builder\/sktbuilder\/\", \"driver\": new SktbuilderWordpressDriver({\"ajaxUrl\": \"https:\/\/fdesuremain-psy.fr\/wp-admin\/admin-ajax.php\", \"iframeUrl\": \"https:\/\/fdesuremain-psy.fr\/?p=615&sktbuilder=true\", \"pageId\": 615, \"pages\": [{\"title\":\"Sensibiliser \\\/ Soutenir\",\"url\":\"https:\\\/\\\/fdesuremain-psy.fr\\\/wp-admin\\\/post.php?post=1323&action=sktbuilder\"},{\"title\":\"Former\",\"url\":\"https:\\\/\\\/fdesuremain-psy.fr\\\/wp-admin\\\/post.php?post=1420&action=sktbuilder\"}], \"page\": \"Psychiatrie: la crise oubli\u00e9e? (Podcast France Culture)\" }) });<\/script><!-- end sktbuilder starter -->","protected":false},"excerpt":{"rendered":"<p>Le Pr Pierre-Michel Llorca, chef de service au CHU de Clermont-Ferrand et le Pr Rapha\u00ebl Gaillard, chef de p\u00f4le \u00e0 l&#8217;h\u00f4pital Sainte-Anne, exposent les enjeux auxquels doit faire face la psychiatrie moderne pour surmonter la crise qu&#8217;elle traverse depuis ces derni\u00e8res ann\u00e9es: la formation des psychiatres, la repr\u00e9sentation du grand public sur les troubles psychiques,<br \/><a class=\"moretag\" href=\"https:\/\/fdesuremain-psy.fr\/?p=615\">+ Read More<\/a><\/p>\n","protected":false},"author":1,"featured_media":0,"comment_status":"open","ping_status":"open","sticky":false,"template":"","format":"standard","meta":{"_exactmetrics_skip_tracking":false,"_exactmetrics_sitenote_active":false,"_exactmetrics_sitenote_note":"","_exactmetrics_sitenote_category":0,"footnotes":""},"categories":[37],"tags":[],"_links":{"self":[{"href":"https:\/\/fdesuremain-psy.fr\/index.php?rest_route=\/wp\/v2\/posts\/615"}],"collection":[{"href":"https:\/\/fdesuremain-psy.fr\/index.php?rest_route=\/wp\/v2\/posts"}],"about":[{"href":"https:\/\/fdesuremain-psy.fr\/index.php?rest_route=\/wp\/v2\/types\/post"}],"author":[{"embeddable":true,"href":"https:\/\/fdesuremain-psy.fr\/index.php?rest_route=\/wp\/v2\/users\/1"}],"replies":[{"embeddable":true,"href":"https:\/\/fdesuremain-psy.fr\/index.php?rest_route=%2Fwp%2Fv2%2Fcomments&post=615"}],"version-history":[{"count":5,"href":"https:\/\/fdesuremain-psy.fr\/index.php?rest_route=\/wp\/v2\/posts\/615\/revisions"}],"predecessor-version":[{"id":694,"href":"https:\/\/fdesuremain-psy.fr\/index.php?rest_route=\/wp\/v2\/posts\/615\/revisions\/694"}],"wp:attachment":[{"href":"https:\/\/fdesuremain-psy.fr\/index.php?rest_route=%2Fwp%2Fv2%2Fmedia&parent=615"}],"wp:term":[{"taxonomy":"category","embeddable":true,"href":"https:\/\/fdesuremain-psy.fr\/index.php?rest_route=%2Fwp%2Fv2%2Fcategories&post=615"},{"taxonomy":"post_tag","embeddable":true,"href":"https:\/\/fdesuremain-psy.fr\/index.php?rest_route=%2Fwp%2Fv2%2Ftags&post=615"}],"curies":[{"name":"wp","href":"https:\/\/api.w.org\/{rel}","templated":true}]}}