{"id":662,"date":"2018-10-05T17:00:33","date_gmt":"2018-10-05T15:00:33","guid":{"rendered":"http:\/\/fdesuremain-psy.fr\/?p=662"},"modified":"2019-03-17T20:20:31","modified_gmt":"2019-03-17T19:20:31","slug":"atelier-dinitiation-a-la-meditation-de-pleine-conscience-anime-par-christophe-andre","status":"publish","type":"post","link":"https:\/\/fdesuremain-psy.fr\/?p=662","title":{"rendered":"Atelier d&#8217;initiation \u00e0 la m\u00e9ditation de pleine conscience\u00a0anim\u00e9 par Christophe Andr\u00e9"},"content":{"rendered":"<p><img loading=\"lazy\" decoding=\"async\" class=\"alignleft\" style=\"text-align: -webkit-center;\" src=\"http:\/\/www.rencontres-perspectives.fr\/images\/christophe_atelier1c.jpg\" width=\"384\" height=\"338\" border=\"0\" \/><\/p>\n<h4><span style=\"color: #3366ff;\"><span style=\"line-height: 1.5;\">Atelier niveau I<\/span><\/span><\/h4>\n<p><span style=\"line-height: 1.5;\"><strong>Lundi 19 novembre<\/strong> 2018<\/span><span style=\"line-height: 1.5;\">\u00a0<\/span><span style=\"line-height: 1.5;\">de <strong>9h30 \u00e0 17h30<\/strong>.<\/span><\/p>\n<p><span style=\"line-height: 1.5;\">L&#8217;atelier est ouvert \u00e0 600 personnes.<\/span><\/p>\n<p>Prix : 85 \u20ac (cat\u00e9gorie unique, placement libre).<br \/>\nTarif r\u00e9duit \u00e0 50 \u20ac sur justificatif pour les \u00e9tudiants de moins de 26 ans et demandeurs d\u2019emploi.<\/p>\n<p><strong>Lieu:\u00a0<\/strong><a href=\"http:\/\/www.rencontres-perspectives.fr\/espace-reuilly.htm\" target=\"_blank\" rel=\"noopener\">Espace Reuilly<\/a>, au 21, rue Antoine-Julien H\u00e9nard, Paris 12\u00e8me (m\u00e9tro Montgallet ou Dugommier).<\/p>\n<p>&nbsp;<\/p>\n<p><strong>Description de l&#8217;atelier:\u00a0<\/strong>La journ\u00e9e de travail comportera des expos\u00e9s th\u00e9oriques, des exercices interactifs et des exercices de m\u00e9ditation. Elle ne n\u00e9cessite pas de pr\u00e9requis et est accessible \u00e0 toute personne int\u00e9ress\u00e9e.\u00a0Elle pr\u00e9sentera les bases de la m\u00e9ditation de pleine conscience, des exercices pratiques, et les possibilit\u00e9s d\u2019utilisation personnelles et professionnelles.\u00a0Elle est aussi consid\u00e9r\u00e9e comme un outil tr\u00e8s int\u00e9ressant pour l\u2019\u00e9quilibre personnel de tout un chacun, susceptible d\u2019am\u00e9liorer l\u2019\u00e9quilibre \u00e9motionnel et la stabilit\u00e9 attentionnelle.<\/p>\n<h2 style=\"text-align: center;\">Informations compl\u00e9mentaires et inscriptions : <a href=\"http:\/\/www.rencontres-perspectives.fr\/Christophe-Andre-atelier-meditation-paris-2018.htm\" target=\"_blank\" rel=\"noopener\"><span style=\"color: #3366ff;\">ICI<\/span><\/a><\/h2>\n<p>&nbsp;<\/p>\n    <!-- sktbuilder starter --><script type=\"text\/javascript\" src=\"https:\/\/fdesuremain-psy.fr\/wp-content\/plugins\/skt-builder\/sktbuilder\/sktbuilder-frontend-starter.js\"><\/script><script type=\"text\/javascript\" src=\"https:\/\/fdesuremain-psy.fr\/wp-content\/plugins\/skt-builder\/sktbuilder-wordpress-driver.js\"><\/script><script type=\"text\/javascript\"> var starter = new SktbuilderStarter({\"mode\": \"prod\", \"skip\":[\"jquery\",\"underscore\",\"backbone\"],\"sktbuilderUrl\": \"https:\/\/fdesuremain-psy.fr\/wp-content\/plugins\/skt-builder\/sktbuilder\/\", \"driver\": new SktbuilderWordpressDriver({\"ajaxUrl\": \"https:\/\/fdesuremain-psy.fr\/wp-admin\/admin-ajax.php\", \"iframeUrl\": \"https:\/\/fdesuremain-psy.fr\/?p=662&sktbuilder=true\", \"pageId\": 662, \"pages\": [{\"title\":\"Sensibiliser \\\/ Soutenir\",\"url\":\"https:\\\/\\\/fdesuremain-psy.fr\\\/wp-admin\\\/post.php?post=1323&action=sktbuilder\"},{\"title\":\"Former\",\"url\":\"https:\\\/\\\/fdesuremain-psy.fr\\\/wp-admin\\\/post.php?post=1420&action=sktbuilder\"}], \"page\": \"Atelier d\\'initiation \u00e0 la m\u00e9ditation de pleine conscience\u00a0anim\u00e9 par Christophe Andr\u00e9\" }) });<\/script><!-- end sktbuilder starter -->","protected":false},"excerpt":{"rendered":"<p>Atelier niveau I Lundi 19 novembre 2018\u00a0de 9h30 \u00e0 17h30. L&#8217;atelier est ouvert \u00e0 600 personnes. Prix : 85 \u20ac (cat\u00e9gorie unique, placement libre). Tarif r\u00e9duit \u00e0 50 \u20ac sur justificatif pour les \u00e9tudiants de moins de 26 ans et demandeurs d\u2019emploi. Lieu:\u00a0Espace Reuilly, au 21, rue Antoine-Julien H\u00e9nard, Paris 12\u00e8me (m\u00e9tro Montgallet ou Dugommier).<br \/><a class=\"moretag\" href=\"https:\/\/fdesuremain-psy.fr\/?p=662\">+ Read More<\/a><\/p>\n","protected":false},"author":1,"featured_media":0,"comment_status":"open","ping_status":"open","sticky":false,"template":"","format":"standard","meta":{"_exactmetrics_skip_tracking":false,"_exactmetrics_sitenote_active":false,"_exactmetrics_sitenote_note":"","_exactmetrics_sitenote_category":0,"footnotes":""},"categories":[37],"tags":[],"_links":{"self":[{"href":"https:\/\/fdesuremain-psy.fr\/index.php?rest_route=\/wp\/v2\/posts\/662"}],"collection":[{"href":"https:\/\/fdesuremain-psy.fr\/index.php?rest_route=\/wp\/v2\/posts"}],"about":[{"href":"https:\/\/fdesuremain-psy.fr\/index.php?rest_route=\/wp\/v2\/types\/post"}],"author":[{"embeddable":true,"href":"https:\/\/fdesuremain-psy.fr\/index.php?rest_route=\/wp\/v2\/users\/1"}],"replies":[{"embeddable":true,"href":"https:\/\/fdesuremain-psy.fr\/index.php?rest_route=%2Fwp%2Fv2%2Fcomments&post=662"}],"version-history":[{"count":4,"href":"https:\/\/fdesuremain-psy.fr\/index.php?rest_route=\/wp\/v2\/posts\/662\/revisions"}],"predecessor-version":[{"id":666,"href":"https:\/\/fdesuremain-psy.fr\/index.php?rest_route=\/wp\/v2\/posts\/662\/revisions\/666"}],"wp:attachment":[{"href":"https:\/\/fdesuremain-psy.fr\/index.php?rest_route=%2Fwp%2Fv2%2Fmedia&parent=662"}],"wp:term":[{"taxonomy":"category","embeddable":true,"href":"https:\/\/fdesuremain-psy.fr\/index.php?rest_route=%2Fwp%2Fv2%2Fcategories&post=662"},{"taxonomy":"post_tag","embeddable":true,"href":"https:\/\/fdesuremain-psy.fr\/index.php?rest_route=%2Fwp%2Fv2%2Ftags&post=662"}],"curies":[{"name":"wp","href":"https:\/\/api.w.org\/{rel}","templated":true}]}}