{"id":898,"date":"2019-02-15T01:24:43","date_gmt":"2019-02-15T00:24:43","guid":{"rendered":"http:\/\/fdesuremain-psy.fr\/?p=898"},"modified":"2019-03-17T20:19:58","modified_gmt":"2019-03-17T19:19:58","slug":"congres-de-psychiatrie-perinatale-le-7-et-8-mars-2019-a-paris","status":"publish","type":"post","link":"https:\/\/fdesuremain-psy.fr\/?p=898","title":{"rendered":"Congr\u00e8s de psychiatrie p\u00e9rinatale le 7 et 8 mars 2019 \u00e0 Paris"},"content":{"rendered":"<p><img loading=\"lazy\" decoding=\"async\" class=\"size-medium wp-image-899 alignleft\" src=\"http:\/\/fdesuremain-psy.fr\/wp-content\/uploads\/2019\/02\/Journees-smf-2019-149x300.jpg\" alt=\"\" width=\"149\" height=\"300\" srcset=\"https:\/\/fdesuremain-psy.fr\/wp-content\/uploads\/2019\/02\/Journees-smf-2019-149x300.jpg 149w, https:\/\/fdesuremain-psy.fr\/wp-content\/uploads\/2019\/02\/Journees-smf-2019-768x1550.jpg 768w, https:\/\/fdesuremain-psy.fr\/wp-content\/uploads\/2019\/02\/Journees-smf-2019-507x1024.jpg 507w, https:\/\/fdesuremain-psy.fr\/wp-content\/uploads\/2019\/02\/Journees-smf-2019.jpg 1276w\" sizes=\"(max-width: 149px) 100vw, 149px\" \/><\/p>\n<p align=\"JUSTIFY\">La Soci\u00e9t\u00e9 Marc\u00e9 Francophone, Association pour la promotion de la sant\u00e9 mentale\u00a0et de la psychiatrie p\u00e9rinatale, organise ses 22\u00e8mes journ\u00e9es les 7 et 8 mars 2019 \u00e0 Paris.<\/p>\n<p align=\"JUSTIFY\">Ces journ\u00e9es se d\u00e9rouleront \u00e0 la cit\u00e9 Universitaire Internationale de Paris, au 17 Boulevard Jourdan 75014 PARIS, et vous permettront d\u2019avoir acc\u00e8s \u00e0 des orateurs internationaux. Toutes les sessions anglophones seront traduites simultan\u00e9ment en Fran\u00e7ais.<\/p>\n<p align=\"JUSTIFY\">Les inscriptions se font ici:\u00a0<em><a href=\"http:\/\/iawmh2019.org\/22emes-journees-de-la-societe-marce-francophone\/inscription-journees-marce\/\" target=\"_blank\" rel=\"noopener\">http:\/\/iawmh2019.org\/22emes-journees-de-la-societe-marce-francophone\/inscription-journees-marce\/<\/a><\/em><\/p>\n<p>&nbsp;<\/p>\n<p>&nbsp;<\/p>\n<div class=\"clear\"><\/div>\n<h1 style=\"text-align: center;\">PROGRAMME<\/h1>\n<hr \/>\n<h2 class=\"western\" style=\"text-align: center;\"><strong>Jeudi 7 mars 2019<\/strong><\/h2>\n<h4 class=\"western\" style=\"text-align: left;\"><strong>13:00 \u2013 14:00: Ouverture des 22\u00e8mes\u00a0Journ\u00e9es de la Soci\u00e9t\u00e9 Marc\u00e9 Francophone<\/strong><\/h4>\n<p style=\"text-align: left;\"><i>Florence GRESSIER, Le Kremlin Bic\u00eatre, France\u00a0<\/i><\/p>\n<p style=\"text-align: left;\"><strong>Conference &#8211; <\/strong><i>Bruno FALISSARD, Paris, France<\/i><\/p>\n<h4 class=\"western\" style=\"text-align: left;\"><strong>14:00 \u2013 15:30: <\/strong><em><b>Probl\u00e8mes de sant\u00e9 mentale li\u00e9s \u00e0 la reproduction (y compris la procr\u00e9ation assist\u00e9e), aux contraceptifs oraux, \u00e0 l&#8217;avortement<\/b><\/em><\/h4>\n<p style=\"text-align: left;\"><em>&#8211;<\/em>Neurobiologie de l&#8217;anxi\u00e9t\u00e9 et de la d\u00e9pression postpartum<em> &#8211; <\/em><em><i>President: Jodi PAWLUSKI, Rennes, France<\/i><\/em><\/p>\n<p style=\"text-align: left;\"><em>&#8211;<\/em>La grossesse et l&#8217;attachement maternel sont associ\u00e9s \u00e0 des modifications durables de la structure du cerveau humain &#8211; <em>Elseline HOEKZEMA, Leiden, The Netherlands<\/em><\/p>\n<p style=\"text-align: left;\"><em>&#8211;<\/em>Effets du stress gestationnel sur la dopamine et l&#8217;ocytocine dans le circuit de r\u00e9compense post-partum: implications pour l&#8217;humeur et la maternit\u00e9 &#8211; <em>Benedetta LEUNER, Columbus, \u00a0USA<\/em><\/p>\n<p style=\"text-align: left;\"><em>&#8211;<\/em>Plasticit\u00e9 de la s\u00e9rotonine centrale dans la reproduction et r\u00f4le dans les comportements socio-\u00e9motionnels apr\u00e8s l&#8217;accouchement &#8211; <em>Joseph LONSTEIN, East Lansing, USA<\/em><\/p>\n<p style=\"text-align: left;\">-M\u00e9dicaments ISRS p\u00e9rinatals et plasticit\u00e9 du cerveau maternel: interactions avec le stress maternel &#8211; <em>Jodi PAWLUSKI, Rennes, France<\/em><\/p>\n<h4 class=\"western\" style=\"text-align: left;\"><em>16:00 \u2013 17:30: <\/em><em><i>Post-partum et nouveau-n\u00e9 &#8211; Probl\u00e8mes de sant\u00e9 mentale<\/i><\/em><\/h4>\n<p style=\"text-align: left;\">-M\u00e8res et b\u00e9b\u00e9s \u00e0 risque: Comprendre les derni\u00e8res avanc\u00e9es scientifiques en mati\u00e8re de d\u00e9pistage, de pr\u00e9vention et de traitement de la d\u00e9pression p\u00e9rinatale &#8211; <i>President: Lauren OSBORNE, Baltimore, USA\u00a0\u00a0\u00a0\u00a0\u00a0\u00a0\u00a0<\/i><\/p>\n<p style=\"text-align: left;\">-Mise \u00e0 jour sur les bases g\u00e9n\u00e9tiques de la d\u00e9pression postpartum &#8211; <em>Jennifer PAYNE, Baltimore, USA<\/em><\/p>\n<p style=\"text-align: left;\">-Les biomarqueurs de m\u00e9thylation pr\u00e9disent la d\u00e9pression pr\u00e9natale et postpartum et s&#8217;associent aux modifications postnatales de la connectivit\u00e9 fonctionnelle au repos &#8211; <em>Zachary KAMINSKY<\/em>,\u00a0<em>Baltimore, USA<\/em><\/p>\n<p style=\"text-align: left;\">-Le r\u00f4le de l&#8217;allopregnanolone dans les troubles de l&#8217;humeur et de l&#8217;anxi\u00e9t\u00e9 p\u00e9rinatale &#8211; <em>Lauren OSBORNE, Baltimore, USA<\/em><\/p>\n<p style=\"text-align: left;\">-Exposition pr\u00e9natale aux antid\u00e9presseurs et d\u00e9veloppement de l&#8217;enfant \u00e0 la maternelle: une \u00e9tude de population &#8211; <em>Mina PARK, Vancouver, Canada<\/em><\/p>\n<h4 class=\"western\" style=\"text-align: left;\"><em>17:45 \u2013 18:30: <\/em><strong>Sant\u00e9 mentale des enfants et des femmes<\/strong><\/h4>\n<p style=\"text-align: left;\">-D\u00e9pression post-partum de la femme et cons\u00e9quences: de la sant\u00e9 mentale de la m\u00e8re et de l&#8217;accouchement aux facteurs de pr\u00e9disposition aux g\u00e8nes et \u00e0 l&#8217;environnement &#8211; <i>Nicolas RAMOZ, Paris, France, Caroline DUBERTRET, Colombes, France, Sarah TEBEKA, Colombes, France<\/i><\/p>\n<hr \/>\n<h2 class=\"western\" style=\"text-align: center;\">Vendredi 8 mars 2019<\/h2>\n<h4 class=\"western\" style=\"text-align: left;\"><strong>08:30 \u2013 10:00: <\/strong><strong><i><b>Probl\u00e8mes de sant\u00e9 mentale li\u00e9s \u00e0 la reproduction (y compris la procr\u00e9ation assist\u00e9e), contraceptifs oraux, avortement<\/b><\/i><\/strong><\/h4>\n<p style=\"text-align: left;\">&#8211; Est-ce que le sein est-il toujours meilleur? Comprendre l&#8217;intersection de la sant\u00e9 mentale maternelle et de l&#8217;allaitement maternel &#8211; <i>President: Adrienne GRIFFEN, Arlington, USA<\/i><\/p>\n<p style=\"text-align: left;\">&#8211; Comprendre l&#8217;intersection des troubles de l&#8217;humeur et de l&#8217;anxi\u00e9t\u00e9 li\u00e9s \u00e0 l&#8217;allaitement et \u00e0 la p\u00e9rinatalit\u00e9: historique r\u00e9cent et recommandations actuelles &#8211; <em>Lynne MCINTYRE, Barcelona, Spain<\/em><\/p>\n<p style=\"text-align: left;\">&#8211; Les vrais avantages de l&#8217;allaitement maternel: comprendre l&#8217;impact de l&#8217;allaitement maternel (ou non) sur l&#8217;enfant &#8211; <em>Natasha SRIRAMAN, Virginia Beach, USA<\/em><\/p>\n<p style=\"text-align: left;\">&#8211; Gestion des m\u00e9dicaments psychotropes chez les femmes qui allaitent: Analyse risques-avantages pour la m\u00e8re et l&#8217;enfant &#8211; <em>Samantha MELTZER-BRODY, Chapel Hill, USA<\/em><\/p>\n<p style=\"text-align: left;\">&#8211; L&#8217;allaitement maternel mod\u00e8re le lien entre la d\u00e9pression pr\u00e9natale et la d\u00e9pression postpartum &#8211; <em>Barbara FIGUEIREDO, Braga, Portugal<\/em><\/p>\n<h4 class=\"western\" style=\"text-align: left;\"><em>10:30 \u2013 11:15:<\/em><em><i> Schizophr\u00e9nie et autres psychoses<\/i><\/em><\/h4>\n<p style=\"text-align: left;\">&#8211; Prise en charge de la maladie mentale grave pendant la grossesse: pratique clinique, dilemmes, orientations de la recherche et controverses concernant les soins &#8211; <i>Megan GALBALLY, Perth, Australia; Veerle BERGINK, New York, USA<\/i><\/p>\n<h4 class=\"western\" style=\"text-align: left;\"><em>11:30 \u2013 13:00 &#8211;<\/em><em><i> Troubles anxieux<\/i><\/em><\/h4>\n<p style=\"text-align: left;\">&#8211; Troubles anxieux pendant la p\u00e9riode p\u00e9rinatale et impact sur les nourrissons et la parentalit\u00e9 &#8211; <i>President: Louise HOWARD, London, UK<\/i><\/p>\n<p style=\"text-align: left;\">&#8211; L&#8217;impact des troubles anxieux pendant la grossesse sur les interactions m\u00e8re-enfant et la cr\u00e9ation de liens trois mois apr\u00e8s la naissance &#8211; <em>Selina NATH, London, UK<\/em><\/p>\n<p style=\"text-align: left;\">&#8211; M\u00e8res atteintes d&#8217;un trouble obsessionnel-compulsif: perceptions de l&#8217;interaction parentale et de la m\u00e8re \u00e0 6 mois apr\u00e8s l&#8217;accouchement &#8211; <em>Fiona CHALLACOMBE, London, UK<\/em><\/p>\n<p style=\"text-align: left;\">&#8211; Pens\u00e9es des m\u00e8res sur les pr\u00e9judices li\u00e9s au nourrisson et leur relation avec les comportements parentaux agressifs &#8211; <em>Nichole FAIRBROTHER, Vancouver, Canada<\/em><\/p>\n<p style=\"text-align: left;\">&#8211; Pr\u00e9dicteurs et corr\u00e9lats des probl\u00e8mes de r\u00e9gulation dans la petite enfance: le r\u00f4le du temp\u00e9rament du nourrisson et de l&#8217;anxi\u00e9t\u00e9 et de la d\u00e9pression maternelles &#8211; <em>Julia MARTINI, Dresden, Germany<\/em><\/p>\n<h4 class=\"western\" style=\"text-align: left;\"><em>14:30 \u2013 16:00: <\/em><em><i>Sant\u00e9 mentale de la famille et des femmes<\/i><\/em><\/h4>\n<p style=\"text-align: left;\">&#8211; Perte p\u00e9rinatale et la grossesse qui s&#8217;ensuit: impact sur les m\u00e8res, les partenaires et les enfants &#8211; <i>President: Joann O\u2019LEARY, Minneapolis, USA<\/i><\/p>\n<p style=\"text-align: left;\">&#8211; Relation de couple dans une grossesse cons\u00e9cutive \u00e0 une perte &#8211; <em>Margaret MURPHY, Cork, Ireland<\/em><\/p>\n<p style=\"text-align: left;\">&#8211; Intervention psychosociale au-del\u00e0 des soins biom\u00e9dicaux &#8211; <em>Lindsey HENKE, Bloomington, USA<\/em><\/p>\n<p style=\"text-align: left;\">&#8211; Intervention pr\u00e9natale parentale pour soutenir l&#8217;attachement &#8211; <em>Joann O\u2019LEARY, Minneapolis, USA<\/em><\/p>\n    <!-- sktbuilder starter --><script type=\"text\/javascript\" src=\"https:\/\/fdesuremain-psy.fr\/wp-content\/plugins\/skt-builder\/sktbuilder\/sktbuilder-frontend-starter.js\"><\/script><script type=\"text\/javascript\" src=\"https:\/\/fdesuremain-psy.fr\/wp-content\/plugins\/skt-builder\/sktbuilder-wordpress-driver.js\"><\/script><script type=\"text\/javascript\"> var starter = new SktbuilderStarter({\"mode\": \"prod\", \"skip\":[\"jquery\",\"underscore\",\"backbone\"],\"sktbuilderUrl\": \"https:\/\/fdesuremain-psy.fr\/wp-content\/plugins\/skt-builder\/sktbuilder\/\", \"driver\": new SktbuilderWordpressDriver({\"ajaxUrl\": \"https:\/\/fdesuremain-psy.fr\/wp-admin\/admin-ajax.php\", \"iframeUrl\": \"https:\/\/fdesuremain-psy.fr\/?p=898&sktbuilder=true\", \"pageId\": 898, \"pages\": [{\"title\":\"Sensibiliser \\\/ Soutenir\",\"url\":\"https:\\\/\\\/fdesuremain-psy.fr\\\/wp-admin\\\/post.php?post=1323&action=sktbuilder\"},{\"title\":\"Former\",\"url\":\"https:\\\/\\\/fdesuremain-psy.fr\\\/wp-admin\\\/post.php?post=1420&action=sktbuilder\"}], \"page\": \"Congr\u00e8s de psychiatrie p\u00e9rinatale le 7 et 8 mars 2019 \u00e0 Paris\" }) });<\/script><!-- end sktbuilder starter -->","protected":false},"excerpt":{"rendered":"<p>La Soci\u00e9t\u00e9 Marc\u00e9 Francophone, Association pour la promotion de la sant\u00e9 mentale\u00a0et de la psychiatrie p\u00e9rinatale, organise ses 22\u00e8mes journ\u00e9es les 7 et 8 mars 2019 \u00e0 Paris. Ces journ\u00e9es se d\u00e9rouleront \u00e0 la cit\u00e9 Universitaire Internationale de Paris, au 17 Boulevard Jourdan 75014 PARIS, et vous permettront d\u2019avoir acc\u00e8s \u00e0 des orateurs internationaux. Toutes<br \/><a class=\"moretag\" href=\"https:\/\/fdesuremain-psy.fr\/?p=898\">+ Read More<\/a><\/p>\n","protected":false},"author":1,"featured_media":0,"comment_status":"open","ping_status":"open","sticky":false,"template":"","format":"standard","meta":{"_exactmetrics_skip_tracking":false,"_exactmetrics_sitenote_active":false,"_exactmetrics_sitenote_note":"","_exactmetrics_sitenote_category":0,"footnotes":""},"categories":[37],"tags":[],"_links":{"self":[{"href":"https:\/\/fdesuremain-psy.fr\/index.php?rest_route=\/wp\/v2\/posts\/898"}],"collection":[{"href":"https:\/\/fdesuremain-psy.fr\/index.php?rest_route=\/wp\/v2\/posts"}],"about":[{"href":"https:\/\/fdesuremain-psy.fr\/index.php?rest_route=\/wp\/v2\/types\/post"}],"author":[{"embeddable":true,"href":"https:\/\/fdesuremain-psy.fr\/index.php?rest_route=\/wp\/v2\/users\/1"}],"replies":[{"embeddable":true,"href":"https:\/\/fdesuremain-psy.fr\/index.php?rest_route=%2Fwp%2Fv2%2Fcomments&post=898"}],"version-history":[{"count":7,"href":"https:\/\/fdesuremain-psy.fr\/index.php?rest_route=\/wp\/v2\/posts\/898\/revisions"}],"predecessor-version":[{"id":906,"href":"https:\/\/fdesuremain-psy.fr\/index.php?rest_route=\/wp\/v2\/posts\/898\/revisions\/906"}],"wp:attachment":[{"href":"https:\/\/fdesuremain-psy.fr\/index.php?rest_route=%2Fwp%2Fv2%2Fmedia&parent=898"}],"wp:term":[{"taxonomy":"category","embeddable":true,"href":"https:\/\/fdesuremain-psy.fr\/index.php?rest_route=%2Fwp%2Fv2%2Fcategories&post=898"},{"taxonomy":"post_tag","embeddable":true,"href":"https:\/\/fdesuremain-psy.fr\/index.php?rest_route=%2Fwp%2Fv2%2Ftags&post=898"}],"curies":[{"name":"wp","href":"https:\/\/api.w.org\/{rel}","templated":true}]}}